[{"@context":"https:\/\/schema.org\/","@type":"Article","@id":"https:\/\/www.zvsdk.cz\/nenechte-se-otravit-na-zahradni-party-spatnym-pocasim\/#Article","mainEntityOfPage":"https:\/\/www.zvsdk.cz\/nenechte-se-otravit-na-zahradni-party-spatnym-pocasim\/","headline":"Nenechte se otr\u00e1vit na zahradn\u00ed p\u00e1rty \u0161patn\u00fdm po\u010das\u00edm","name":"Nenechte se otr\u00e1vit na zahradn\u00ed p\u00e1rty \u0161patn\u00fdm po\u010das\u00edm","description":"Kdy\u017e si lid\u00e9 za socialismu usmysleli uspo\u0159\u00e1dat zahradn\u00ed slavnost, nap\u0159\u00edklad slavili zlatou svatbu nebo kulat\u00e9 narozeniny, a zvali na akci spoustu p\u0159\u00edbuzn\u00fdch a p\u0159\u00e1tel, v po\u010dtu minim\u00e1ln\u011b dvou tuct\u016f osob, museli velmi pe\u010dliv\u011b pl\u00e1novat pr\u016fb\u011bh oslavy v z\u00e1vislosti na v\u00fdvoji po\u010das\u00ed. St\u00e1valo se, \u017ee se uprost\u0159ed bujar\u00e9ho vesel\u00ed strhla pr\u016ftr\u017e&hellip;","datePublished":"2023-06-04","dateModified":"2023-08-04","author":{"@type":"Person","@id":"https:\/\/www.zvsdk.cz\/author\/#Person","name":"","url":"https:\/\/www.zvsdk.cz\/author\/","identifier":1,"image":{"@type":"ImageObject","@id":"https:\/\/secure.gravatar.com\/avatar\/aa16db3f0f92015edeb6ced2fbc10116de89c6b4888114a368937de5fe58241b?s=96&d=mm&r=g","url":"https:\/\/secure.gravatar.com\/avatar\/aa16db3f0f92015edeb6ced2fbc10116de89c6b4888114a368937de5fe58241b?s=96&d=mm&r=g","height":96,"width":96}},"publisher":{"@type":"Organization","name":"zvsdk.cz","logo":{"@type":"ImageObject","@id":"\/logo.png","url":"\/logo.png","width":600,"height":60}},"image":{"@type":"ImageObject","@id":"https:\/\/www.zvsdk.cz\/wp-content\/uploads\/wedding-1846114_640_4.jpg","url":"https:\/\/www.zvsdk.cz\/wp-content\/uploads\/wedding-1846114_640_4.jpg","height":0,"width":0},"url":"https:\/\/www.zvsdk.cz\/nenechte-se-otravit-na-zahradni-party-spatnym-pocasim\/","about":["Nakupov\u00e1n\u00ed"],"wordCount":412,"articleBody":"   Kdy\u017e si lid\u00e9 za socialismu usmysleli uspo\u0159\u00e1dat zahradn\u00ed slavnost, nap\u0159\u00edklad slavili zlatou svatbu nebo kulat\u00e9 narozeniny, a zvali na akci spoustu p\u0159\u00edbuzn\u00fdch a p\u0159\u00e1tel, v po\u010dtu minim\u00e1ln\u011b dvou tuct\u016f osob, museli velmi pe\u010dliv\u011b pl\u00e1novat pr\u016fb\u011bh oslavy v z\u00e1vislosti na v\u00fdvoji po\u010das\u00ed. St\u00e1valo se, \u017ee se uprost\u0159ed bujar\u00e9ho vesel\u00ed strhla pr\u016ftr\u017e mra\u010den nebo se oto\u010dil v\u00edtr a tak nep\u0159\u00edjemn\u011b rozfouk\u00e1val ubrousky a prost\u00edr\u00e1n\u00ed na zahradn\u00edch stolech, \u017ee se kv\u016fli tomu muselo v\u0161e p\u0159esunout do interi\u00e9ru. A slavit uvnit\u0159 v ob\u00fdv\u00e1ku o rozm\u011brech \u010dty\u0159i kr\u00e1t p\u011bt metr\u016f s p\u011btadvaceti lidmi, jist\u011b uzn\u00e1te, \u017ee se n\u00e1padn\u011b podob\u00e1 tla\u010denici v metru.Dnes mohou m\u00edt zahradn\u00ed slavnosti zcela odli\u0161n\u00fd pr\u016fb\u011bh, v pohodov\u00e9m duchu, bez tla\u010denic a \u00faprk\u016f pod st\u0159echu zd\u011bn\u00fdch staveb \u010di d\u0159evostaveb. M\u016f\u017eete v p\u00e1rty bez probl\u00e9m\u016f pokra\u010dovat venku i za de\u0161t\u011b, a dokonce i tehdy, za\u010dne-li sn\u011b\u017eit. S de\u0161t\u011bm, sn\u011b\u017een\u00edm, n\u00e1mrazou \u010di siln\u011bj\u0161\u00edm v\u011btrem si porad\u00edte, vyu\u017eijete-li pron\u00e1jem p\u00e1rty stan\u016f. Tyto p\u0159\u00edst\u0159e\u0161ky mohou m\u00edt zakrytou pouze st\u0159\u00ed\u0161ku, nebo mohou m\u00edt kryt\u00e9 i boky ze v\u0161ech stran, p\u0159\u00edpadn\u011b jen z n\u011bkter\u00fdch, a t\u00edmto zp\u016fsobem zajist\u00edte va\u0161im host\u016fm pot\u0159ebn\u00fd komfort. Stanov\u00e1 konstrukce poslou\u017e\u00ed i jako ochrana p\u0159ed slune\u010dn\u00edm z\u00e1\u0159en\u00edm, lze pod n\u00ed um\u00edstit i ob\u010derstven\u00ed nebo okrasn\u00e9 \u017eiv\u00e9 rostliny pro v\u00fdzdobu sv\u00e1te\u010dn\u00edch stol\u016f.P\u0159ed realizac\u00ed samotn\u00e9ho pron\u00e1jmu se vyplat\u00ed vytvo\u0159it p\u0159ibli\u017en\u00fd pl\u00e1n pr\u016fb\u011bhu zahradn\u00ed p\u00e1rty, abyste m\u011bli p\u0159edstavu, jak velk\u00fd stan budete pot\u0159ebovat, a kam jej um\u00edstit. Nem\u011bl by pochopiteln\u011b zab\u00edrat celou plochu tamn\u00edho prost\u0159ed\u00ed, m\u011bl by pouze vyplnit \u010d\u00e1st zatravn\u011bn\u00e9ho m\u00edsta, na jeho\u017e zb\u00fdvaj\u00edc\u00edm prostoru bude k dispozici chodn\u00edk a tr\u00e1vn\u00edk pro p\u011b\u0161\u00ed korzov\u00e1n\u00ed a prov\u00e1d\u011bn\u00ed sportovn\u00edch aktivit, anebo pro slun\u011bn\u00ed \u010di pobyt u zahradn\u00edho baz\u00e9nu. Sou\u010d\u00e1st\u00ed slavnostn\u00edho dne se tak\u00e9 m\u016f\u017ee pro zpest\u0159en\u00ed st\u00e1t bosonoh\u00fd chodn\u00edk.                                                                                                                                                                                                                                                                                                                                                                                          4.5\/5 - (11 votes)        "},{"@context":"https:\/\/schema.org\/","@type":"BreadcrumbList","itemListElement":[{"@type":"ListItem","position":1,"name":"Nenechte se otr\u00e1vit na zahradn\u00ed p\u00e1rty \u0161patn\u00fdm po\u010das\u00edm","item":"https:\/\/www.zvsdk.cz\/nenechte-se-otravit-na-zahradni-party-spatnym-pocasim\/#breadcrumbitem"}]}]