[{"@context":"https:\/\/schema.org\/","@type":"Article","@id":"https:\/\/www.zvsdk.cz\/vis-co-si-nechavas-usit\/#Article","mainEntityOfPage":"https:\/\/www.zvsdk.cz\/vis-co-si-nechavas-usit\/","headline":"V\u00ed\u0161, co si nech\u00e1v\u00e1\u0161 u\u0161\u00edt?","name":"V\u00ed\u0161, co si nech\u00e1v\u00e1\u0161 u\u0161\u00edt?","description":"Samoz\u0159ejm\u011b, \u017ee by se dalo \u0159\u00edci, \u017ee modern\u00ed doba vede k tomu, \u017ee je v r\u00e1mci v\u0161ech oblast\u00ed \u017eivota hlavn\u00ed svoboda, ale tak tomu nikdy nebylo, nen\u00ed, a up\u0159\u00edmn\u011b si mysl\u00edm, \u017ee tomu tak ani nikdy nebude, Samoz\u0159ejm\u011b, \u017ee n\u011bco takov\u00e9ho je velmi smutn\u00fdm faktem, kter\u00fd ve fin\u00e1le vede k&hellip;","datePublished":"2020-07-14","dateModified":"2020-07-14","author":{"@type":"Person","@id":"https:\/\/www.zvsdk.cz\/author\/#Person","name":"","url":"https:\/\/www.zvsdk.cz\/author\/","identifier":1,"image":{"@type":"ImageObject","@id":"https:\/\/secure.gravatar.com\/avatar\/aa16db3f0f92015edeb6ced2fbc10116de89c6b4888114a368937de5fe58241b?s=96&d=mm&r=g","url":"https:\/\/secure.gravatar.com\/avatar\/aa16db3f0f92015edeb6ced2fbc10116de89c6b4888114a368937de5fe58241b?s=96&d=mm&r=g","height":96,"width":96}},"publisher":{"@type":"Organization","name":"zvsdk.cz","logo":{"@type":"ImageObject","@id":"\/logo.png","url":"\/logo.png","width":600,"height":60}},"image":{"@type":"ImageObject","@id":"https:\/\/www.zvsdk.cz\/wp-content\/uploads\/%C5%A1i%C4%8Dka.jpeg","url":"https:\/\/www.zvsdk.cz\/wp-content\/uploads\/%C5%A1i%C4%8Dka.jpeg","height":0,"width":0},"url":"https:\/\/www.zvsdk.cz\/vis-co-si-nechavas-usit\/","about":["Mobil"],"wordCount":436,"articleBody":"   Samoz\u0159ejm\u011b, \u017ee by se dalo \u0159\u00edci, \u017ee modern\u00ed doba vede k tomu, \u017ee je v r\u00e1mci v\u0161ech oblast\u00ed \u017eivota hlavn\u00ed svoboda, ale tak tomu nikdy nebylo, nen\u00ed, a up\u0159\u00edmn\u011b si mysl\u00edm, \u017ee tomu tak ani nikdy nebude, Samoz\u0159ejm\u011b, \u017ee n\u011bco takov\u00e9ho je velmi smutn\u00fdm faktem, kter\u00fd ve fin\u00e1le vede k velmi zvl\u00e1\u0161tn\u00ed obrazu, kter\u00fd si m\u016f\u017eeme ud\u011blat o sou\u010dasn\u00e9 spole\u010dnosti, av\u0161ak na druhou stranu je to v r\u00e1mci ur\u010dit\u00fdch situac\u00ed tak\u00e9 dob\u0159e. Jako pozitivn\u011b vn\u00edmateln\u00e9 je to zejm\u00e9na v oblasti m\u00f3dy a oble\u010den\u00ed, a to zejm\u00e9na z toho d\u016fvodu, \u017ee pr\u00e1v\u011b zde mnohdy velmi z\u00e1le\u017e\u00ed i na detailech, kter\u00e9 v\u00e1m mohou p\u0159ipadat naprosto nepodstatn\u00e9.V\u011b\u0159te v\u0161ak, \u017ee pr\u00e1v\u011b detaily a mali\u010dkosti jsou z\u00e1kladem \u00fasp\u011bch, a tak se na n\u011b tak\u00e9 v r\u00e1mci n\u00e1vrhu n\u011bjak\u00e9ho toho m\u00f3dn\u00edho kousku pln\u011b soust\u0159e\u010fte, jeliko\u017e on si to jist\u011b pln\u011b zaslou\u017e\u00ed. V p\u0159\u00edpad\u011b, kdy by se v\u00e1m snad n\u011bco nezd\u00e1lo, si po\u0159i\u010fte k sob\u011b do kr\u00e1mku krej\u010dovskou pannu, jeliko\u017e s jej\u00ed pomoc\u00ed se vyhnete ve\u0161ker\u00fdm zbyte\u010dn\u00fdm probl\u00e9m\u016fm, kter\u00e9 by se mohli vyskytnout zejm\u00e9na v p\u0159\u00edpad\u011b, kdy by pr\u00e1v\u011b tato pom\u016fcka nebyla ve va\u0161em vlastnictv\u00ed, P\u0159eci jen, perfektn\u011b odveden\u00e1 pr\u00e1ce mus\u00ed b\u00fdt podpo\u0159ena v\u0161emo\u017en\u00fdmi modern\u00edmi vychyt\u00e1vkami, a t\u00edm byste se v r\u00e1mci sou\u010dasnosti m\u011bli \u0159\u00eddit i vy!Je tak tedy v\u00edce ne\u017e jasn\u00e9, \u017ee pr\u00e1v\u011b oble\u010den\u00ed je opravdov\u00fdm z\u00e1kladem dne\u0161n\u00ed doby, a n\u011b\u010d\u00edm takov\u00fdm bychom se m\u011bli my spole\u010dn\u011b \u0159\u00eddit, a to zejm\u00e9na z toho d\u016fvodu, \u017ee nikdy nev\u00edme, zda nem\u016f\u017ee p\u0159i oby\u010dejn\u00e9 cest\u011b z pr\u00e1ce \u010di na n\u00e1kup potkat n\u011bkoho, kdo n\u00e1m zcela obr\u00e1t\u00ed \u017eivot. D\u00e1vejte si tak tedy z\u00e1le\u017eet na tom, co vlastn\u011b vy sami nos\u00edte, jeliko\u017e ono oble\u010den\u00ed je velmi podstatn\u00e9 p\u0159i utv\u00e1\u0159en\u00ed prvn\u00edho dojmu, na kter\u00e9m mnohdy z\u00e1le\u017e\u00ed. P\u0159eci jen, prvn\u00ed dojem ud\u011bl\u00e1me jen jednou, a tak tedy velmi z\u00e1le\u017e\u00ed na tom, zdali je pozitivn\u00ed \u010di negativn\u00ed. A jeliko\u017e ka\u017ed\u00fd z n\u00e1s chce jist\u011b tu prvn\u00ed variantu, tak pro to s\u00e1m mus\u00ed n\u011bco ud\u011blat, jeliko\u017e samo se neza\u0159\u00edd\u00ed nic!                                                                                                                                                                                                                                                                                                                                                                                          4.2\/5 - (6 votes)        "},{"@context":"https:\/\/schema.org\/","@type":"BreadcrumbList","itemListElement":[{"@type":"ListItem","position":1,"name":"V\u00ed\u0161, co si nech\u00e1v\u00e1\u0161 u\u0161\u00edt?","item":"https:\/\/www.zvsdk.cz\/vis-co-si-nechavas-usit\/#breadcrumbitem"}]}]