{"@context":"https:\/\/schema.org\/","@type":"CollectionPage","@id":"https:\/\/www.zvsdk.cz\/vztahy\/#CollectionPage","headline":"Vztahy Category","description":"","url":"https:\/\/www.zvsdk.cz\/vztahy\/","hasPart":[{"@type":"Article","@id":"https:\/\/www.zvsdk.cz\/romanticke-napady-na-rande-doma\/","headline":"Romantick\u00e9 n\u00e1pady na rande doma","url":"https:\/\/www.zvsdk.cz\/romanticke-napady-na-rande-doma\/","datePublished":"2024-06-30","dateModified":"2024-06-30","mainEntityOfPage":"https:\/\/www.zvsdk.cz\/romanticke-napady-na-rande-doma\/","author":{"@type":"Person","@id":"https:\/\/www.zvsdk.cz\/author\/#Person","name":"","url":"https:\/\/www.zvsdk.cz\/author\/","identifier":1,"image":{"@type":"ImageObject","@id":"https:\/\/secure.gravatar.com\/avatar\/aa16db3f0f92015edeb6ced2fbc10116de89c6b4888114a368937de5fe58241b?s=96&d=mm&r=g","url":"https:\/\/secure.gravatar.com\/avatar\/aa16db3f0f92015edeb6ced2fbc10116de89c6b4888114a368937de5fe58241b?s=96&d=mm&r=g","height":96,"width":96}},"publisher":{"@type":"Organization","name":"zvsdk.cz","logo":{"@type":"ImageObject","@id":"\/logo.png","url":"\/logo.png","width":600,"height":60}},"image":{"@type":"ImageObject","@id":"https:\/\/www.zvsdk.cz\/wp-content\/uploads\/vztah_10_10_10_3.jpg","url":"https:\/\/www.zvsdk.cz\/wp-content\/uploads\/vztah_10_10_10_3.jpg","height":0,"width":0},"keywords":null},{"@type":"Article","@id":"https:\/\/www.zvsdk.cz\/jak-vychazet-s-rodici-kdyz-si-jako-dospeli-chceme-zit-svuj-zivot-a-oni-nas-nenechaji\/","headline":"Jak vych\u00e1zet s rodi\u010di, kdy\u017e si jako dosp\u011bl\u00ed chceme \u017e\u00edt sv\u016fj \u017eivot a oni n\u00e1s nenechaj\u00ed?","url":"https:\/\/www.zvsdk.cz\/jak-vychazet-s-rodici-kdyz-si-jako-dospeli-chceme-zit-svuj-zivot-a-oni-nas-nenechaji\/","datePublished":"2023-12-06","dateModified":"2023-12-07","mainEntityOfPage":"https:\/\/www.zvsdk.cz\/jak-vychazet-s-rodici-kdyz-si-jako-dospeli-chceme-zit-svuj-zivot-a-oni-nas-nenechaji\/","author":{"@type":"Person","@id":"https:\/\/www.zvsdk.cz\/author\/#Person","name":"","url":"https:\/\/www.zvsdk.cz\/author\/","identifier":1,"image":{"@type":"ImageObject","@id":"https:\/\/secure.gravatar.com\/avatar\/aa16db3f0f92015edeb6ced2fbc10116de89c6b4888114a368937de5fe58241b?s=96&d=mm&r=g","url":"https:\/\/secure.gravatar.com\/avatar\/aa16db3f0f92015edeb6ced2fbc10116de89c6b4888114a368937de5fe58241b?s=96&d=mm&r=g","height":96,"width":96}},"publisher":{"@type":"Organization","name":"zvsdk.cz","logo":{"@type":"ImageObject","@id":"\/logo.png","url":"\/logo.png","width":600,"height":60}},"image":{"@type":"ImageObject","@id":"https:\/\/www.zvsdk.cz\/wp-content\/uploads\/pexels-photo-1267321.jpeg","url":"https:\/\/www.zvsdk.cz\/wp-content\/uploads\/pexels-photo-1267321.jpeg","height":0,"width":0},"keywords":null},{"@type":"Article","@id":"https:\/\/www.zvsdk.cz\/pryc-od-partnera-a-tchyne-nejlepsim-resenim\/","headline":"Pry\u010d od partnera a tchyn\u011b nejlep\u0161\u00edm \u0159e\u0161en\u00edm","url":"https:\/\/www.zvsdk.cz\/pryc-od-partnera-a-tchyne-nejlepsim-resenim\/","datePublished":"2023-10-25","dateModified":"2024-01-26","mainEntityOfPage":"https:\/\/www.zvsdk.cz\/pryc-od-partnera-a-tchyne-nejlepsim-resenim\/","author":{"@type":"Person","@id":"https:\/\/www.zvsdk.cz\/author\/#Person","name":"","url":"https:\/\/www.zvsdk.cz\/author\/","identifier":1,"image":{"@type":"ImageObject","@id":"https:\/\/secure.gravatar.com\/avatar\/aa16db3f0f92015edeb6ced2fbc10116de89c6b4888114a368937de5fe58241b?s=96&d=mm&r=g","url":"https:\/\/secure.gravatar.com\/avatar\/aa16db3f0f92015edeb6ced2fbc10116de89c6b4888114a368937de5fe58241b?s=96&d=mm&r=g","height":96,"width":96}},"publisher":{"@type":"Organization","name":"zvsdk.cz","logo":{"@type":"ImageObject","@id":"\/logo.png","url":"\/logo.png","width":600,"height":60}},"image":{"@type":"ImageObject","@id":"https:\/\/www.zvsdk.cz\/wp-content\/uploads\/thief-4173477_1280.jpg","url":"https:\/\/www.zvsdk.cz\/wp-content\/uploads\/thief-4173477_1280.jpg","height":0,"width":0},"keywords":null},{"@type":"Article","@id":"https:\/\/www.zvsdk.cz\/rodina-pratel\/","headline":"Rodina p\u0159\u00e1tel","url":"https:\/\/www.zvsdk.cz\/rodina-pratel\/","datePublished":"2023-05-05","dateModified":"2024-04-05","mainEntityOfPage":"https:\/\/www.zvsdk.cz\/rodina-pratel\/","author":{"@type":"Person","@id":"https:\/\/www.zvsdk.cz\/author\/#Person","name":"","url":"https:\/\/www.zvsdk.cz\/author\/","identifier":1,"image":{"@type":"ImageObject","@id":"https:\/\/secure.gravatar.com\/avatar\/aa16db3f0f92015edeb6ced2fbc10116de89c6b4888114a368937de5fe58241b?s=96&d=mm&r=g","url":"https:\/\/secure.gravatar.com\/avatar\/aa16db3f0f92015edeb6ced2fbc10116de89c6b4888114a368937de5fe58241b?s=96&d=mm&r=g","height":96,"width":96}},"publisher":{"@type":"Organization","name":"zvsdk.cz","logo":{"@type":"ImageObject","@id":"\/logo.png","url":"\/logo.png","width":600,"height":60}},"image":{"@type":"ImageObject","@id":"https:\/\/www.zvsdk.cz\/wp-content\/uploads\/hands-63743_1280.jpg","url":"https:\/\/www.zvsdk.cz\/wp-content\/uploads\/hands-63743_1280.jpg","height":0,"width":0},"keywords":null}]}