[{"@context":"https:\/\/schema.org\/","@type":"Article","@id":"https:\/\/www.zvsdk.cz\/zvecneni-svatby-na-pamatku\/#Article","mainEntityOfPage":"https:\/\/www.zvsdk.cz\/zvecneni-svatby-na-pamatku\/","headline":"Zv\u011b\u010dn\u011bn\u00ed svatby na pam\u00e1tku","name":"Zv\u011b\u010dn\u011bn\u00ed svatby na pam\u00e1tku","description":"Bl\u00ed\u017e\u00ed se v\u00e1\u0161 term\u00edn svatby a p\u0159em\u00fd\u0161l\u00edte jestli jste stihli v\u0161echno za\u0159\u00eddit? Nen\u00ed jednoduch\u00e9 na svatbu v\u0161echno objednat, proto\u017ee v\u011bt\u0161inou je toho hodn\u011b. Ide\u00e1ln\u00ed je si hned na za\u010d\u00e1tku vytvo\u0159it seznam toho co byste asi cht\u011bli, a postupn\u011b si za\u0159\u00edzen\u00e9 v\u011bci od\u0161krt\u00e1vat jako hotov\u00e9. Jen\u017ee pokud zat\u00edm nev\u00edte co v\u0161echno&hellip;","datePublished":"2023-08-25","dateModified":"2023-11-25","author":{"@type":"Person","@id":"https:\/\/www.zvsdk.cz\/author\/#Person","name":"","url":"https:\/\/www.zvsdk.cz\/author\/","identifier":1,"image":{"@type":"ImageObject","@id":"https:\/\/secure.gravatar.com\/avatar\/aa16db3f0f92015edeb6ced2fbc10116de89c6b4888114a368937de5fe58241b?s=96&d=mm&r=g","url":"https:\/\/secure.gravatar.com\/avatar\/aa16db3f0f92015edeb6ced2fbc10116de89c6b4888114a368937de5fe58241b?s=96&d=mm&r=g","height":96,"width":96}},"publisher":{"@type":"Organization","name":"zvsdk.cz","logo":{"@type":"ImageObject","@id":"\/logo.png","url":"\/logo.png","width":600,"height":60}},"image":{"@type":"ImageObject","@id":"https:\/\/www.zvsdk.cz\/wp-content\/uploads\/pexels-kerem-kslr-17109427_3.jpg","url":"https:\/\/www.zvsdk.cz\/wp-content\/uploads\/pexels-kerem-kslr-17109427_3.jpg","height":0,"width":0},"url":"https:\/\/www.zvsdk.cz\/zvecneni-svatby-na-pamatku\/","about":["Business"],"wordCount":432,"articleBody":"       Bl\u00ed\u017e\u00ed se v\u00e1\u0161 term\u00edn svatby a p\u0159em\u00fd\u0161l\u00edte jestli jste stihli v\u0161echno za\u0159\u00eddit? Nen\u00ed jednoduch\u00e9 na svatbu v\u0161echno objednat, proto\u017ee v\u011bt\u0161inou je toho hodn\u011b. Ide\u00e1ln\u00ed je si hned na za\u010d\u00e1tku vytvo\u0159it seznam toho co byste asi cht\u011bli, a postupn\u011b si za\u0159\u00edzen\u00e9 v\u011bci od\u0161krt\u00e1vat jako hotov\u00e9. Jen\u017ee pokud zat\u00edm nev\u00edte co v\u0161echno byste cht\u011bli, m\u016f\u017ee to b\u00fdt probl\u00e9m. Proto je ide\u00e1ln\u00ed si prohl\u00e9dnout fotografie z ciz\u00edch svateb, kde mo\u017en\u00e1 najdete n\u011bco, co se v\u00e1m bude l\u00edbit.Jednou z v\u011bc\u00ed, na kterou byste m\u011bli myslet hned na za\u010d\u00e1tku, je svatebn\u00ed fotograf. Pokud se budete br\u00e1t v hlavn\u00ed svatebn\u00ed sezon\u011b, tedy od kv\u011btna do z\u00e1\u0159\u00ed, ur\u010dit\u011b byste si m\u011bli v\u0161echno rezervovat a objedn\u00e1vat rok p\u0159edem, abyste nebyli nemile p\u0159ekvapeni t\u00edm, \u017ee danou v\u011bc nebo slu\u017ebu nese\u017eenete. I o fotografy je velk\u00fd z\u00e1jem, a pokud m\u00e1te sv\u00e9ho favorita, je to o d\u016fvod v\u00edc za\u010d\u00edt \u0159e\u0161it svoji svatbu hned.M\u00e1te vyhl\u00e9dnut\u00e9ho fotografa? B\u011bhem svatebn\u00ed sezony se to na soci\u00e1ln\u00edch s\u00edt\u00edch jen hem\u017e\u00ed fotkami z mnoha svateb. Chlub\u00ed se jimi samotn\u00ed novoman\u017eel\u00e9, ale prezentuj\u00ed se jimi i dodavatel\u00e9 a lid\u00e9 poskytuj\u00edc\u00ed slu\u017eby. Je to skv\u011bl\u00e1 reklama tak\u017ee si m\u016f\u017eete vybrat, jestli v\u00e1m sed\u00ed sp\u00ed\u0161e fotograf z va\u0161eho m\u011bsta nebo n\u011bjak\u00fd jin\u00fd. Jsem svatebn\u00ed fotograf v Ostrav\u011b yorge, ale nem\u00e1m probl\u00e9m dojet kamkoliv po \u010cR. Z\u00e1le\u017e\u00ed jen na v\u00e1s, jestli v\u00e1s moje fotky natolik zaujmou, \u017ee si m\u011b vyberete. Ka\u017edou svatbu fot\u00edm podle toho co si nev\u011bsta a \u017eenichem p\u0159ej\u00ed. V\u011bt\u0161ina p\u00e1r\u016f chce nafotit svou svatbu od rann\u00edch p\u0159\u00edprav a\u017e do no\u010dn\u00ed z\u00e1bavy.Prohl\u00e9dn\u011bte si i moje fotografie a rozhodn\u011bte se zav\u010das, proto\u017ee u\u017e te\u010f se pln\u00ed term\u00edny na dal\u0161\u00ed rok. B\u011bhem focen\u00ed se sna\u017e\u00edm o uvoln\u011bnou atmosf\u00e9ru, tak\u017ee focen\u00ed si ur\u010dit\u011b u\u017eijeme v\u0161ichni. Dok\u00e1\u017eu zachytit ty nejlep\u0161\u00ed okam\u017eiky a um\u00edm si hr\u00e1t s barvami i sv\u011btly. Focen\u00ed m\u011b opravdu bav\u00ed a je to na m\u00fdch fotk\u00e1ch vid\u011bt. Focen\u00ed toti\u017e nen\u00ed jen o ma\u010dk\u00e1n\u00ed spou\u0161t\u011b, ale p\u0159edev\u0161\u00edm o kompozici a detailech.                                                                                                                                                                                                                                                                                                                                                                                          4.6\/5 - (9 votes)        "},{"@context":"https:\/\/schema.org\/","@type":"BreadcrumbList","itemListElement":[{"@type":"ListItem","position":1,"name":"Zv\u011b\u010dn\u011bn\u00ed svatby na pam\u00e1tku","item":"https:\/\/www.zvsdk.cz\/zvecneni-svatby-na-pamatku\/#breadcrumbitem"}]}]